{"id":4684,"date":"2023-04-27T12:48:52","date_gmt":"2023-04-27T15:48:52","guid":{"rendered":"https:\/\/esm-nqn.infd.edu.ar\/sitio\/?p=4684"},"modified":"2023-04-27T12:48:53","modified_gmt":"2023-04-27T15:48:53","slug":"se-reanudan-las-actividades","status":"publish","type":"post","link":"https:\/\/esm-nqn.infd.edu.ar\/sitio\/se-reanudan-las-actividades\/","title":{"rendered":"Se reanudan las actividades"},"content":{"rendered":"\n<figure class=\"wp-block-image size-full is-resized\"><img decoding=\"async\" loading=\"lazy\" src=\"https:\/\/esm-nqn.infd.edu.ar\/sitio\/wp-content\/uploads\/2023\/04\/INFORMACION-vie.png\" alt=\"\" class=\"wp-image-4685\" width=\"745\" height=\"745\" srcset=\"https:\/\/esm-nqn.infd.edu.ar\/sitio\/wp-content\/uploads\/2023\/04\/INFORMACION-vie.png 1080w, https:\/\/esm-nqn.infd.edu.ar\/sitio\/wp-content\/uploads\/2023\/04\/INFORMACION-vie-1000x1000.png 1000w, https:\/\/esm-nqn.infd.edu.ar\/sitio\/wp-content\/uploads\/2023\/04\/INFORMACION-vie-500x500.png 500w, https:\/\/esm-nqn.infd.edu.ar\/sitio\/wp-content\/uploads\/2023\/04\/INFORMACION-vie-768x768.png 768w\" sizes=\"(max-width: 745px) 100vw, 745px\" \/><figcaption class=\"wp-element-caption\">A la comunidad educativa de la ESM Nqn: Informamos que a partir de ma\u00f1ana 28\/04 se retoman todas las clases y dem\u00e1s actividades en nuestra instituci\u00f3n, ya que se levanta la medida gremial de la Asociaci\u00f3n de Trabajadores del Estado. Nos reencontramos en la escuela, buena jornada para todxs.<\/figcaption><\/figure>\n","protected":false},"excerpt":{"rendered":"","protected":false},"author":1956,"featured_media":4685,"comment_status":"closed","ping_status":"closed","sticky":false,"template":"","format":"standard","meta":[],"categories":[17],"tags":[],"acf":[],"_links":{"self":[{"href":"https:\/\/esm-nqn.infd.edu.ar\/sitio\/wp-json\/wp\/v2\/posts\/4684"}],"collection":[{"href":"https:\/\/esm-nqn.infd.edu.ar\/sitio\/wp-json\/wp\/v2\/posts"}],"about":[{"href":"https:\/\/esm-nqn.infd.edu.ar\/sitio\/wp-json\/wp\/v2\/types\/post"}],"author":[{"embeddable":true,"href":"https:\/\/esm-nqn.infd.edu.ar\/sitio\/wp-json\/wp\/v2\/users\/1956"}],"replies":[{"embeddable":true,"href":"https:\/\/esm-nqn.infd.edu.ar\/sitio\/wp-json\/wp\/v2\/comments?post=4684"}],"version-history":[{"count":1,"href":"https:\/\/esm-nqn.infd.edu.ar\/sitio\/wp-json\/wp\/v2\/posts\/4684\/revisions"}],"predecessor-version":[{"id":4686,"href":"https:\/\/esm-nqn.infd.edu.ar\/sitio\/wp-json\/wp\/v2\/posts\/4684\/revisions\/4686"}],"wp:featuredmedia":[{"embeddable":true,"href":"https:\/\/esm-nqn.infd.edu.ar\/sitio\/wp-json\/wp\/v2\/media\/4685"}],"wp:attachment":[{"href":"https:\/\/esm-nqn.infd.edu.ar\/sitio\/wp-json\/wp\/v2\/media?parent=4684"}],"wp:term":[{"taxonomy":"category","embeddable":true,"href":"https:\/\/esm-nqn.infd.edu.ar\/sitio\/wp-json\/wp\/v2\/categories?post=4684"},{"taxonomy":"post_tag","embeddable":true,"href":"https:\/\/esm-nqn.infd.edu.ar\/sitio\/wp-json\/wp\/v2\/tags?post=4684"}],"curies":[{"name":"wp","href":"https:\/\/api.w.org\/{rel}","templated":true}]}}