{"id":4881,"date":"2023-06-21T20:26:46","date_gmt":"2023-06-21T23:26:46","guid":{"rendered":"https:\/\/esm-nqn.infd.edu.ar\/sitio\/?p=4881"},"modified":"2023-06-21T20:26:48","modified_gmt":"2023-06-21T23:26:48","slug":"suspension-de-actividades-22-de-junio","status":"publish","type":"post","link":"https:\/\/esm-nqn.infd.edu.ar\/sitio\/suspension-de-actividades-22-de-junio\/","title":{"rendered":"Suspensi\u00f3n de actividades 22 de Junio"},"content":{"rendered":"\n<p><\/p>\n\n\n\n<h4 class=\"wp-block-heading\">A toda la comunidad educativa<\/h4>\n\n\n\n<p><br>Les informamos que dado al paro convocado por CTERA el jueves 22 de junio, por la situaci\u00f3n que est\u00e1 viviendo el pueblo de Jujuy, se suma la adhesi\u00f3n de ATE y&nbsp; no se podr\u00e1n garantizar las condiciones de higiene y limpieza, se suspenden todas las actividades en la escuela.<\/p>\n\n\n\n<p>Equipo directivo<\/p>\n\n\n\n<p>ESMN<\/p>\n","protected":false},"excerpt":{"rendered":"<p>A toda la comunidad educativa Les informamos que dado al paro convocado por CTERA el jueves 22 de junio, por la situaci\u00f3n que est\u00e1 viviendo el pueblo de Jujuy, se suma la adhesi\u00f3n de ATE y&nbsp; no se podr\u00e1n garantizar las condiciones de higiene y limpieza, se suspenden todas las actividades en la escuela. Equipo &#8230; <a title=\"Suspensi\u00f3n de actividades 22 de Junio\" class=\"read-more\" href=\"https:\/\/esm-nqn.infd.edu.ar\/sitio\/suspension-de-actividades-22-de-junio\/\" aria-label=\"More on Suspensi\u00f3n de actividades 22 de Junio\">[+]<\/a><\/p>\n","protected":false},"author":1956,"featured_media":4873,"comment_status":"closed","ping_status":"closed","sticky":false,"template":"","format":"standard","meta":[],"categories":[17],"tags":[],"acf":[],"_links":{"self":[{"href":"https:\/\/esm-nqn.infd.edu.ar\/sitio\/wp-json\/wp\/v2\/posts\/4881"}],"collection":[{"href":"https:\/\/esm-nqn.infd.edu.ar\/sitio\/wp-json\/wp\/v2\/posts"}],"about":[{"href":"https:\/\/esm-nqn.infd.edu.ar\/sitio\/wp-json\/wp\/v2\/types\/post"}],"author":[{"embeddable":true,"href":"https:\/\/esm-nqn.infd.edu.ar\/sitio\/wp-json\/wp\/v2\/users\/1956"}],"replies":[{"embeddable":true,"href":"https:\/\/esm-nqn.infd.edu.ar\/sitio\/wp-json\/wp\/v2\/comments?post=4881"}],"version-history":[{"count":1,"href":"https:\/\/esm-nqn.infd.edu.ar\/sitio\/wp-json\/wp\/v2\/posts\/4881\/revisions"}],"predecessor-version":[{"id":4882,"href":"https:\/\/esm-nqn.infd.edu.ar\/sitio\/wp-json\/wp\/v2\/posts\/4881\/revisions\/4882"}],"wp:featuredmedia":[{"embeddable":true,"href":"https:\/\/esm-nqn.infd.edu.ar\/sitio\/wp-json\/wp\/v2\/media\/4873"}],"wp:attachment":[{"href":"https:\/\/esm-nqn.infd.edu.ar\/sitio\/wp-json\/wp\/v2\/media?parent=4881"}],"wp:term":[{"taxonomy":"category","embeddable":true,"href":"https:\/\/esm-nqn.infd.edu.ar\/sitio\/wp-json\/wp\/v2\/categories?post=4881"},{"taxonomy":"post_tag","embeddable":true,"href":"https:\/\/esm-nqn.infd.edu.ar\/sitio\/wp-json\/wp\/v2\/tags?post=4881"}],"curies":[{"name":"wp","href":"https:\/\/api.w.org\/{rel}","templated":true}]}}