{"id":4989,"date":"2023-08-30T10:19:30","date_gmt":"2023-08-30T13:19:30","guid":{"rendered":"https:\/\/esm-nqn.infd.edu.ar\/sitio\/?p=4989"},"modified":"2023-08-30T10:20:15","modified_gmt":"2023-08-30T13:20:15","slug":"felicitaciones-a-cecilia-geiges-sanchez-alumna-del-nivel-ninos-de-nuestra-escuela","status":"publish","type":"post","link":"https:\/\/esm-nqn.infd.edu.ar\/sitio\/felicitaciones-a-cecilia-geiges-sanchez-alumna-del-nivel-ninos-de-nuestra-escuela\/","title":{"rendered":"Felicitaciones a Cecilia Geiges S\u00e1nchez, alumna del nivel ni\u00f1o\/as de nuestra escuela"},"content":{"rendered":"\n<figure class=\"wp-block-image size-full\"><img decoding=\"async\" loading=\"lazy\" width=\"1080\" height=\"1080\" src=\"https:\/\/esm-nqn.infd.edu.ar\/sitio\/wp-content\/uploads\/2023\/08\/371103584_738139064784574_1070207476948890051_n.jpg\" alt=\"\" class=\"wp-image-4990\" srcset=\"https:\/\/esm-nqn.infd.edu.ar\/sitio\/wp-content\/uploads\/2023\/08\/371103584_738139064784574_1070207476948890051_n.jpg 1080w, https:\/\/esm-nqn.infd.edu.ar\/sitio\/wp-content\/uploads\/2023\/08\/371103584_738139064784574_1070207476948890051_n-1000x1000.jpg 1000w, https:\/\/esm-nqn.infd.edu.ar\/sitio\/wp-content\/uploads\/2023\/08\/371103584_738139064784574_1070207476948890051_n-500x500.jpg 500w, https:\/\/esm-nqn.infd.edu.ar\/sitio\/wp-content\/uploads\/2023\/08\/371103584_738139064784574_1070207476948890051_n-768x768.jpg 768w\" sizes=\"(max-width: 1080px) 100vw, 1080px\" \/><\/figure>\n\n\n\n<p><\/p>\n\n\n\n<p>Felicitaciones a Cecilia Geiges S\u00e1nchez, alumna del nivel ni\u00f1o\/as de nuestra escuela. Ella y su compa\u00f1era son un orgullo para nuestra provincia.<\/p>\n\n\n\n<p><a href=\"https:\/\/www.facebook.com\/hashtag\/orgulloneuquino?__eep__=6&amp;__cft__[0]=AZVW6U-KDCplhQPMAD6JniH54r75J3g3KjXToT20HVsa_RDaOWedkhl768OzDKTHQqV5BSXxIohXxFtcXbzL8yh5tcygH1G2tEkwhi_KYQYPBmocMBzsSRtnkjzYgXlx6SzvPWPjm4sHxrYwYI1mIm_e8D4JqlFN7duyo7RU_3lAAe81PUX7hp2IOu6TGlSzcwGzovITF84mgfP_QLiPPJjijMEEhpbsCBjJpTELzTXSnXCclHpdvcARdMlGN-MhfAk&amp;__tn__=*NK-R\">#OrgulloNeuquino<\/a><img decoding=\"async\" loading=\"lazy\" height=\"16\" width=\"16\" alt=\"&#x1f44f;\" src=\"https:\/\/static.xx.fbcdn.net\/images\/emoji.php\/v9\/tfe\/1\/16\/1f44f.png\">\u2063<\/p>\n\n\n\n<p><img decoding=\"async\" loading=\"lazy\" height=\"16\" width=\"16\" alt=\"&#x1f52c;\" src=\"https:\/\/static.xx.fbcdn.net\/images\/emoji.php\/v9\/t7e\/1\/16\/1f52c.png\">Una cuenta regresiva con ese cosquilleo particular en el que se mezclan nervios, alegr\u00eda, adrenalina y expectativas. Falta un poco m\u00e1s de tres semanas para que Giuliana Cabezas y Cecilia Geiges S\u00e1nchez viajen a Mendoza para vivir una experiencia que quedar\u00e1 marcada para siempre en sus memorias. El broche de oro de <a><\/a>un proceso que arranc\u00f3 a principios de a\u00f1o cuando dos docentes de la Escuela Cristiana Evang\u00e9lica de Neuqu\u00e9n (@colegioecen) les propusieran prepararse para competir en las Olimpiadas Argentinas de Ciencias Junior (@oacjr.oficial) que se disputar\u00e1n entre 13 al 16 de septiembre pr\u00f3ximos.\u2063<\/p>\n\n\n\n<p>\u2063<\/p>\n\n\n\n<p><img decoding=\"async\" loading=\"lazy\" height=\"16\" width=\"16\" alt=\"&#x1f467;\" src=\"https:\/\/static.xx.fbcdn.net\/images\/emoji.php\/v9\/t8d\/1\/16\/1f467.png\"><img decoding=\"async\" loading=\"lazy\" height=\"16\" width=\"16\" alt=\"&#x1f467;\" src=\"https:\/\/static.xx.fbcdn.net\/images\/emoji.php\/v9\/t8d\/1\/16\/1f467.png\">Cecilia (12) y Giuliana (13) asisten a s\u00e9ptimo grado de la <a href=\"https:\/\/www.facebook.com\/hashtag\/ecen?__eep__=6&amp;__cft__[0]=AZVW6U-KDCplhQPMAD6JniH54r75J3g3KjXToT20HVsa_RDaOWedkhl768OzDKTHQqV5BSXxIohXxFtcXbzL8yh5tcygH1G2tEkwhi_KYQYPBmocMBzsSRtnkjzYgXlx6SzvPWPjm4sHxrYwYI1mIm_e8D4JqlFN7duyo7RU_3lAAe81PUX7hp2IOu6TGlSzcwGzovITF84mgfP_QLiPPJjijMEEhpbsCBjJpTELzTXSnXCclHpdvcARdMlGN-MhfAk&amp;__tn__=*NK-R\">#ECEN<\/a>. Las alumnas lograron convertirse en las representantes de la provincia de <a href=\"https:\/\/www.facebook.com\/hashtag\/neuqu%C3%A9n?__eep__=6&amp;__cft__[0]=AZVW6U-KDCplhQPMAD6JniH54r75J3g3KjXToT20HVsa_RDaOWedkhl768OzDKTHQqV5BSXxIohXxFtcXbzL8yh5tcygH1G2tEkwhi_KYQYPBmocMBzsSRtnkjzYgXlx6SzvPWPjm4sHxrYwYI1mIm_e8D4JqlFN7duyo7RU_3lAAe81PUX7hp2IOu6TGlSzcwGzovITF84mgfP_QLiPPJjijMEEhpbsCBjJpTELzTXSnXCclHpdvcARdMlGN-MhfAk&amp;__tn__=*NK-R\">#Neuqu\u00e9n<\/a> en la instancia nacional del certamen organizado por la Universidad Nacional de Cuyo (@uncuyo).\u2063<\/p>\n\n\n\n<p>\u2063<\/p>\n\n\n\n<p><img decoding=\"async\" loading=\"lazy\" height=\"16\" width=\"16\" alt=\"&#x1f469;&#x200d;&#x1f3eb;\" src=\"https:\/\/static.xx.fbcdn.net\/images\/emoji.php\/v9\/t94\/1\/16\/1f469_200d_1f3eb.png\">Detr\u00e1s de ellas se encuentra <a href=\"https:\/\/www.facebook.com\/hashtag\/alejandraquiroga?__eep__=6&amp;__cft__[0]=AZVW6U-KDCplhQPMAD6JniH54r75J3g3KjXToT20HVsa_RDaOWedkhl768OzDKTHQqV5BSXxIohXxFtcXbzL8yh5tcygH1G2tEkwhi_KYQYPBmocMBzsSRtnkjzYgXlx6SzvPWPjm4sHxrYwYI1mIm_e8D4JqlFN7duyo7RU_3lAAe81PUX7hp2IOu6TGlSzcwGzovITF84mgfP_QLiPPJjijMEEhpbsCBjJpTELzTXSnXCclHpdvcARdMlGN-MhfAk&amp;__tn__=*NK-R\">#AlejandraQuiroga<\/a>, una entusiasta docente de <a href=\"https:\/\/www.facebook.com\/hashtag\/qu%C3%ADmica?__eep__=6&amp;__cft__[0]=AZVW6U-KDCplhQPMAD6JniH54r75J3g3KjXToT20HVsa_RDaOWedkhl768OzDKTHQqV5BSXxIohXxFtcXbzL8yh5tcygH1G2tEkwhi_KYQYPBmocMBzsSRtnkjzYgXlx6SzvPWPjm4sHxrYwYI1mIm_e8D4JqlFN7duyo7RU_3lAAe81PUX7hp2IOu6TGlSzcwGzovITF84mgfP_QLiPPJjijMEEhpbsCBjJpTELzTXSnXCclHpdvcARdMlGN-MhfAk&amp;__tn__=*NK-R\">#qu\u00edmica<\/a>, oriunda de la localidad catamarque\u00f1a de Tinogasta, que desde su llegada a Neuqu\u00e9n no para de estimular a sus alumnos para que se animen a descubrir sus potencialidades y nutrirse de nuevas vivencias a partir del conocimiento.\u2063<\/p>\n\n\n\n<p>\u2063<\/p>\n\n\n\n<p><img decoding=\"async\" loading=\"lazy\" height=\"16\" width=\"16\" alt=\"&#x1f469;&#x200d;&#x1f3eb;\" src=\"https:\/\/static.xx.fbcdn.net\/images\/emoji.php\/v9\/t94\/1\/16\/1f469_200d_1f3eb.png\">Ella fue quien le llev\u00f3 la propuesta a <a href=\"https:\/\/www.facebook.com\/hashtag\/yamilavalenzuela?__eep__=6&amp;__cft__[0]=AZVW6U-KDCplhQPMAD6JniH54r75J3g3KjXToT20HVsa_RDaOWedkhl768OzDKTHQqV5BSXxIohXxFtcXbzL8yh5tcygH1G2tEkwhi_KYQYPBmocMBzsSRtnkjzYgXlx6SzvPWPjm4sHxrYwYI1mIm_e8D4JqlFN7duyo7RU_3lAAe81PUX7hp2IOu6TGlSzcwGzovITF84mgfP_QLiPPJjijMEEhpbsCBjJpTELzTXSnXCclHpdvcARdMlGN-MhfAk&amp;__tn__=*NK-R\">#YamilaValenzuela<\/a>, la maestra de grado de <a href=\"https:\/\/www.facebook.com\/hashtag\/cecilia?__eep__=6&amp;__cft__[0]=AZVW6U-KDCplhQPMAD6JniH54r75J3g3KjXToT20HVsa_RDaOWedkhl768OzDKTHQqV5BSXxIohXxFtcXbzL8yh5tcygH1G2tEkwhi_KYQYPBmocMBzsSRtnkjzYgXlx6SzvPWPjm4sHxrYwYI1mIm_e8D4JqlFN7duyo7RU_3lAAe81PUX7hp2IOu6TGlSzcwGzovITF84mgfP_QLiPPJjijMEEhpbsCBjJpTELzTXSnXCclHpdvcARdMlGN-MhfAk&amp;__tn__=*NK-R\">#Cecilia<\/a> y <a href=\"https:\/\/www.facebook.com\/hashtag\/giuliana?__eep__=6&amp;__cft__[0]=AZVW6U-KDCplhQPMAD6JniH54r75J3g3KjXToT20HVsa_RDaOWedkhl768OzDKTHQqV5BSXxIohXxFtcXbzL8yh5tcygH1G2tEkwhi_KYQYPBmocMBzsSRtnkjzYgXlx6SzvPWPjm4sHxrYwYI1mIm_e8D4JqlFN7duyo7RU_3lAAe81PUX7hp2IOu6TGlSzcwGzovITF84mgfP_QLiPPJjijMEEhpbsCBjJpTELzTXSnXCclHpdvcARdMlGN-MhfAk&amp;__tn__=*NK-R\">#Giuliana<\/a>, con el objetivo de seleccionar un grupo de alumnos que est\u00e9n interesados en participar del programa. Programa cuyo objetivo es promover la vocaci\u00f3n de los j\u00f3venes por las ciencias experimentales desde temprana edad, adem\u00e1s incentivar a los docentes a una continua actualizaci\u00f3n en los contenidos, con el af\u00e1n de colaborar con el sistema educativo en el mejoramiento de la ense\u00f1anza.\u2063<\/p>\n\n\n\n<p>\u2063<\/p>\n\n\n\n<p>Le\u00e9 la nota completa <img decoding=\"async\" loading=\"lazy\" height=\"16\" width=\"16\" alt=\"&#x1f4f2;\" src=\"https:\/\/static.xx.fbcdn.net\/images\/emoji.php\/v9\/td8\/1\/16\/1f4f2.png\"><a href=\"https:\/\/bit.ly\/3st9x9P?fbclid=IwAR3coxlCXARiKIiS9lj7HvbJtjqvSO6I0i2EuY_MbZnh_o9f_NSwfDcmgy0\" rel=\"noreferrer noopener\" target=\"_blank\">https:\/\/bit.ly\/3st9x9P<\/a><\/p>\n","protected":false},"excerpt":{"rendered":"<p>Felicitaciones a Cecilia Geiges S\u00e1nchez, alumna del nivel ni\u00f1o\/as de nuestra escuela. Ella y su compa\u00f1era son un orgullo para nuestra provincia. #OrgulloNeuquino\u2063 Una cuenta regresiva con ese cosquilleo particular en el que se mezclan nervios, alegr\u00eda, adrenalina y expectativas. Falta un poco m\u00e1s de tres semanas para que Giuliana Cabezas y Cecilia Geiges S\u00e1nchez &#8230; <a title=\"Felicitaciones a Cecilia Geiges S\u00e1nchez, alumna del nivel ni\u00f1o\/as de nuestra escuela\" class=\"read-more\" href=\"https:\/\/esm-nqn.infd.edu.ar\/sitio\/felicitaciones-a-cecilia-geiges-sanchez-alumna-del-nivel-ninos-de-nuestra-escuela\/\" aria-label=\"More on Felicitaciones a Cecilia Geiges S\u00e1nchez, alumna del nivel ni\u00f1o\/as de nuestra escuela\">[+]<\/a><\/p>\n","protected":false},"author":1956,"featured_media":4990,"comment_status":"closed","ping_status":"open","sticky":false,"template":"","format":"standard","meta":[],"categories":[18,17],"tags":[],"acf":[],"_links":{"self":[{"href":"https:\/\/esm-nqn.infd.edu.ar\/sitio\/wp-json\/wp\/v2\/posts\/4989"}],"collection":[{"href":"https:\/\/esm-nqn.infd.edu.ar\/sitio\/wp-json\/wp\/v2\/posts"}],"about":[{"href":"https:\/\/esm-nqn.infd.edu.ar\/sitio\/wp-json\/wp\/v2\/types\/post"}],"author":[{"embeddable":true,"href":"https:\/\/esm-nqn.infd.edu.ar\/sitio\/wp-json\/wp\/v2\/users\/1956"}],"replies":[{"embeddable":true,"href":"https:\/\/esm-nqn.infd.edu.ar\/sitio\/wp-json\/wp\/v2\/comments?post=4989"}],"version-history":[{"count":2,"href":"https:\/\/esm-nqn.infd.edu.ar\/sitio\/wp-json\/wp\/v2\/posts\/4989\/revisions"}],"predecessor-version":[{"id":4992,"href":"https:\/\/esm-nqn.infd.edu.ar\/sitio\/wp-json\/wp\/v2\/posts\/4989\/revisions\/4992"}],"wp:featuredmedia":[{"embeddable":true,"href":"https:\/\/esm-nqn.infd.edu.ar\/sitio\/wp-json\/wp\/v2\/media\/4990"}],"wp:attachment":[{"href":"https:\/\/esm-nqn.infd.edu.ar\/sitio\/wp-json\/wp\/v2\/media?parent=4989"}],"wp:term":[{"taxonomy":"category","embeddable":true,"href":"https:\/\/esm-nqn.infd.edu.ar\/sitio\/wp-json\/wp\/v2\/categories?post=4989"},{"taxonomy":"post_tag","embeddable":true,"href":"https:\/\/esm-nqn.infd.edu.ar\/sitio\/wp-json\/wp\/v2\/tags?post=4989"}],"curies":[{"name":"wp","href":"https:\/\/api.w.org\/{rel}","templated":true}]}}