{"id":6650,"date":"2026-03-18T10:50:16","date_gmt":"2026-03-18T13:50:16","guid":{"rendered":"https:\/\/esm-nqn.infd.edu.ar\/sitio\/?p=6650"},"modified":"2026-03-18T10:51:31","modified_gmt":"2026-03-18T13:51:31","slug":"convocatoria-abierta-a-50-anos-del-golpe-civico-militar","status":"publish","type":"post","link":"https:\/\/esm-nqn.infd.edu.ar\/sitio\/convocatoria-abierta-a-50-anos-del-golpe-civico-militar\/","title":{"rendered":"Convocatoria abierta a 50 a\u00f1os del golpe c\u00edvico-militar."},"content":{"rendered":"\n<figure class=\"wp-block-image size-full\"><img decoding=\"async\" loading=\"lazy\" width=\"1500\" height=\"1500\" src=\"https:\/\/esm-nqn.infd.edu.ar\/sitio\/wp-content\/uploads\/2026\/03\/WhatsApp-Image-2026-03-17-at-22.02.45-1.jpeg\" alt=\"\" class=\"wp-image-6651\" srcset=\"https:\/\/esm-nqn.infd.edu.ar\/sitio\/wp-content\/uploads\/2026\/03\/WhatsApp-Image-2026-03-17-at-22.02.45-1.jpeg 1500w, https:\/\/esm-nqn.infd.edu.ar\/sitio\/wp-content\/uploads\/2026\/03\/WhatsApp-Image-2026-03-17-at-22.02.45-1-1000x1000.jpeg 1000w, https:\/\/esm-nqn.infd.edu.ar\/sitio\/wp-content\/uploads\/2026\/03\/WhatsApp-Image-2026-03-17-at-22.02.45-1-500x500.jpeg 500w, https:\/\/esm-nqn.infd.edu.ar\/sitio\/wp-content\/uploads\/2026\/03\/WhatsApp-Image-2026-03-17-at-22.02.45-1-768x768.jpeg 768w\" sizes=\"(max-width: 1500px) 100vw, 1500px\" \/><\/figure>\n\n\n\n<p><br>Acompa\u00f1aremos las actividades del d\u00eda de la Memoria por la Verdad y la Justicia en Neuqu\u00e9n aportando arte en colectivo.<br>El 24 de marzo de 16 a 18hs en jornada art\u00edstica, nos sumamos a la construcci\u00f3n colectiva y cotidiana de la memoria en clave presente.<br>Organizado por docentes y estudiantes de la Escuela Superior de M\u00fasica de Neuqu\u00e9n, la Escuela Superior de Bellas Artes y el colectivo Imaginaci\u00f3n al Poder (ESBA), proponemo<\/p>\n\n\n\n<ul>\n<li>50 guitarras a 50 a\u00f1os<\/li>\n\n\n\n<li>Canto colectivo: Voces para la Memoria<\/li>\n\n\n\n<li>Mon\u00f3logos de Teatro por la Identidad<\/li>\n\n\n\n<li>Estampa de pa\u00f1uelos<br>Invitamos a sumarse a toda la comunidad!<br>No hace falta tener conocimientos avanzados<br>ENSAYO<br>&#x1f4c6; Jueves 19\/03<br>&#x1f556; de 19hs a 21hs<br>&#x1f4cc;en el patio de la ESMN<br>Sumate, compart\u00ed, invita.<br>Unite a los grupos de whatsapp:<br>VOCES PARA LA MEMORIA: <a href=\"https:\/\/chat.whatsapp.com\/CpcxRdwIsfzLKcka7FBuQc?mode=gi_t\" target=\"_blank\" rel=\"noreferrer noopener\">https:\/\/chat.whatsapp.com\/CpcxRdwIsfzLKcka7FBuQc?mode=gi_t<\/a><br>50 GUITARRAS A 50 A\u00d1OS: <a href=\"https:\/\/chat.whatsapp.com\/IwzhPSfjr2h1OehoCl1gcX?mode=hqctqta\" target=\"_blank\" rel=\"noreferrer noopener\">https:\/\/chat.whatsapp.com\/IwzhPSfjr2h1OehoCl1gcX?mode=hqctqta<\/a><\/li>\n<\/ul>\n","protected":false},"excerpt":{"rendered":"<p>Acompa\u00f1aremos las actividades del d\u00eda de la Memoria por la Verdad y la Justicia en Neuqu\u00e9n aportando arte en colectivo.El 24 de marzo de 16 a 18hs en jornada art\u00edstica, nos sumamos a la construcci\u00f3n colectiva y cotidiana de la memoria en clave presente.Organizado por docentes y estudiantes de la Escuela Superior de M\u00fasica de &#8230; <a title=\"Convocatoria abierta a 50 a\u00f1os del golpe c\u00edvico-militar.\" class=\"read-more\" href=\"https:\/\/esm-nqn.infd.edu.ar\/sitio\/convocatoria-abierta-a-50-anos-del-golpe-civico-militar\/\" aria-label=\"More on Convocatoria abierta a 50 a\u00f1os del golpe c\u00edvico-militar.\">[+]<\/a><\/p>\n","protected":false},"author":1956,"featured_media":6651,"comment_status":"closed","ping_status":"closed","sticky":false,"template":"","format":"standard","meta":[],"categories":[18,90],"tags":[],"acf":[],"_links":{"self":[{"href":"https:\/\/esm-nqn.infd.edu.ar\/sitio\/wp-json\/wp\/v2\/posts\/6650"}],"collection":[{"href":"https:\/\/esm-nqn.infd.edu.ar\/sitio\/wp-json\/wp\/v2\/posts"}],"about":[{"href":"https:\/\/esm-nqn.infd.edu.ar\/sitio\/wp-json\/wp\/v2\/types\/post"}],"author":[{"embeddable":true,"href":"https:\/\/esm-nqn.infd.edu.ar\/sitio\/wp-json\/wp\/v2\/users\/1956"}],"replies":[{"embeddable":true,"href":"https:\/\/esm-nqn.infd.edu.ar\/sitio\/wp-json\/wp\/v2\/comments?post=6650"}],"version-history":[{"count":1,"href":"https:\/\/esm-nqn.infd.edu.ar\/sitio\/wp-json\/wp\/v2\/posts\/6650\/revisions"}],"predecessor-version":[{"id":6652,"href":"https:\/\/esm-nqn.infd.edu.ar\/sitio\/wp-json\/wp\/v2\/posts\/6650\/revisions\/6652"}],"wp:featuredmedia":[{"embeddable":true,"href":"https:\/\/esm-nqn.infd.edu.ar\/sitio\/wp-json\/wp\/v2\/media\/6651"}],"wp:attachment":[{"href":"https:\/\/esm-nqn.infd.edu.ar\/sitio\/wp-json\/wp\/v2\/media?parent=6650"}],"wp:term":[{"taxonomy":"category","embeddable":true,"href":"https:\/\/esm-nqn.infd.edu.ar\/sitio\/wp-json\/wp\/v2\/categories?post=6650"},{"taxonomy":"post_tag","embeddable":true,"href":"https:\/\/esm-nqn.infd.edu.ar\/sitio\/wp-json\/wp\/v2\/tags?post=6650"}],"curies":[{"name":"wp","href":"https:\/\/api.w.org\/{rel}","templated":true}]}}