{"id":6759,"date":"2026-09-03T11:30:38","date_gmt":"2026-09-03T14:30:38","guid":{"rendered":"https:\/\/esm-nqn.infd.edu.ar\/sitio\/?p=6759"},"modified":"2026-09-03T11:30:41","modified_gmt":"2026-09-03T14:30:41","slug":"feliz-cumpleanos-escuela","status":"publish","type":"post","link":"https:\/\/esm-nqn.infd.edu.ar\/sitio\/feliz-cumpleanos-escuela\/","title":{"rendered":"Feliz Cumplea\u00f1os Escuela!!!"},"content":{"rendered":"\n<p>&#x1f3b6; <strong>\u00a1 La Escuela Superior de M\u00fasica de Neuqu\u00e9n cumple 58 a\u00f1os! <\/strong>&#x1f382;&#x1f389;<\/p>\n\n\n\n<p>Queremos compartir con toda la comunidad de la Escuela una fecha muy especial:<\/p>\n\n\n\n<p>&#x1f4cc;<strong> este s\u00e1bado 5 de septiembre celebramos el 58.\u00ba aniversario de la Escuela Superior de M\u00fasica de Neuqu\u00e9n<\/strong><\/p>\n\n\n\n<p>&#x1f449;&#x1f3fd;A partir de la<strong>s 18:00 hs<\/strong> estaremos compartiendo distintas <strong>actividades, muestras y propuestas art\u00edsticas<\/strong> para celebrar juntas\/os este nuevo aniversario y encontrarnos como comunidad.<\/p>\n\n\n\n<p>&#x1f516;Invitamos a estudiantes, docentes, familias, egresados\/as y a toda la comunidad educativa a ser parte de esta celebraci\u00f3n.<\/p>\n\n\n\n<p><strong>\u00a1Las\/os esperamos para festejar juntas\/os estos 58 a\u00f1os de m\u00fasica, ense\u00f1anza y encuentro!<\/strong>&#x1f3b6;&#x2728;<\/p>\n","protected":false},"excerpt":{"rendered":"<p>&#x1f3b6; \u00a1 La Escuela Superior de M\u00fasica de Neuqu\u00e9n cumple 58 a\u00f1os! &#x1f382;&#x1f389; Queremos compartir con toda la comunidad de la Escuela una fecha muy especial: &#x1f4cc; este s\u00e1bado 5 de septiembre celebramos el 58.\u00ba aniversario de la Escuela Superior de M\u00fasica de Neuqu\u00e9n &#x1f449;&#x1f3fd;A partir de las 18:00 hs estaremos compartiendo distintas actividades, muestras &#8230; <a title=\"Feliz Cumplea\u00f1os Escuela!!!\" class=\"read-more\" href=\"https:\/\/esm-nqn.infd.edu.ar\/sitio\/feliz-cumpleanos-escuela\/\" aria-label=\"More on Feliz Cumplea\u00f1os Escuela!!!\">[+]<\/a><\/p>\n","protected":false},"author":1956,"featured_media":6761,"comment_status":"closed","ping_status":"closed","sticky":false,"template":"","format":"standard","meta":[],"categories":[17],"tags":[],"acf":[],"_links":{"self":[{"href":"https:\/\/esm-nqn.infd.edu.ar\/sitio\/wp-json\/wp\/v2\/posts\/6759"}],"collection":[{"href":"https:\/\/esm-nqn.infd.edu.ar\/sitio\/wp-json\/wp\/v2\/posts"}],"about":[{"href":"https:\/\/esm-nqn.infd.edu.ar\/sitio\/wp-json\/wp\/v2\/types\/post"}],"author":[{"embeddable":true,"href":"https:\/\/esm-nqn.infd.edu.ar\/sitio\/wp-json\/wp\/v2\/users\/1956"}],"replies":[{"embeddable":true,"href":"https:\/\/esm-nqn.infd.edu.ar\/sitio\/wp-json\/wp\/v2\/comments?post=6759"}],"version-history":[{"count":1,"href":"https:\/\/esm-nqn.infd.edu.ar\/sitio\/wp-json\/wp\/v2\/posts\/6759\/revisions"}],"predecessor-version":[{"id":6762,"href":"https:\/\/esm-nqn.infd.edu.ar\/sitio\/wp-json\/wp\/v2\/posts\/6759\/revisions\/6762"}],"wp:featuredmedia":[{"embeddable":true,"href":"https:\/\/esm-nqn.infd.edu.ar\/sitio\/wp-json\/wp\/v2\/media\/6761"}],"wp:attachment":[{"href":"https:\/\/esm-nqn.infd.edu.ar\/sitio\/wp-json\/wp\/v2\/media?parent=6759"}],"wp:term":[{"taxonomy":"category","embeddable":true,"href":"https:\/\/esm-nqn.infd.edu.ar\/sitio\/wp-json\/wp\/v2\/categories?post=6759"},{"taxonomy":"post_tag","embeddable":true,"href":"https:\/\/esm-nqn.infd.edu.ar\/sitio\/wp-json\/wp\/v2\/tags?post=6759"}],"curies":[{"name":"wp","href":"https:\/\/api.w.org\/{rel}","templated":true}]}}