{"id":6766,"date":"2026-09-04T19:55:57","date_gmt":"2026-09-04T22:55:57","guid":{"rendered":"https:\/\/esm-nqn.infd.edu.ar\/sitio\/?p=6766"},"modified":"2026-09-04T19:55:59","modified_gmt":"2026-09-04T22:55:59","slug":"se-viene-el-xxi-foro-de-educadorxs-musicales-de-la-e-s-m-n","status":"publish","type":"post","link":"https:\/\/esm-nqn.infd.edu.ar\/sitio\/se-viene-el-xxi-foro-de-educadorxs-musicales-de-la-e-s-m-n\/","title":{"rendered":"Se viene el XXI Foro de Educadorxs Musicales de la E.S.M.N."},"content":{"rendered":"\n<figure class=\"wp-block-image size-full\"><img decoding=\"async\" loading=\"lazy\" width=\"1131\" height=\"1600\" src=\"https:\/\/esm-nqn.infd.edu.ar\/sitio\/wp-content\/uploads\/2026\/09\/WhatsApp-Image-2026-09-04-at-19.25.22.jpeg\" alt=\"\" class=\"wp-image-6767\" srcset=\"https:\/\/esm-nqn.infd.edu.ar\/sitio\/wp-content\/uploads\/2026\/09\/WhatsApp-Image-2026-09-04-at-19.25.22.jpeg 1131w, https:\/\/esm-nqn.infd.edu.ar\/sitio\/wp-content\/uploads\/2026\/09\/WhatsApp-Image-2026-09-04-at-19.25.22-707x1000.jpeg 707w, https:\/\/esm-nqn.infd.edu.ar\/sitio\/wp-content\/uploads\/2026\/09\/WhatsApp-Image-2026-09-04-at-19.25.22-768x1086.jpeg 768w, https:\/\/esm-nqn.infd.edu.ar\/sitio\/wp-content\/uploads\/2026\/09\/WhatsApp-Image-2026-09-04-at-19.25.22-1086x1536.jpeg 1086w\" sizes=\"(max-width: 1131px) 100vw, 1131px\" \/><\/figure>\n\n\n\n<p><strong>RARAKVN MAPU &#8211; <\/strong><em>TERRITORIOS SONOROS.<\/em><\/p>\n\n\n\n<p><strong>\u00bf<\/strong>Cu\u00e1l es el rol de la m\u00fasica y de la educaci\u00f3n musical en el fortalecimiento y reconocimiento de identidades y territorios sonoros?&nbsp;<\/p>\n\n\n\n<p>Pensamos el territorio no solo en el reconocimiento identitario e intercultural sino tambi\u00e9n pensar el aula, el barrio, la calle como territorios de nuestra identidad y esos territorios tienen el sonido que nos identifica. \u00bfC\u00f3mo suena mi barrio? \u00bfC\u00f3mo suena mi escuela? \u00bfC\u00f3mo suena mi aula?&nbsp;&nbsp;<\/p>\n\n\n\n<p>En este sentido nos hacemos eco del pensamiento de Paulo Freire respecto a que \u201cla <strong><em>educaci\u00f3n debe estar situada en el territorio y vinculada con la realidad<\/em><\/strong>. El aprendizaje comienza por comprender la geograf\u00eda, los problemas colectivos y la cultura del propio entorno social\u201d.<\/p>\n\n\n\n<p><strong>Cu\u00e1ndo se realizar\u00e1: <\/strong>Pronto. muy pronto. <strong>el 15 y 16 de Septiembre de 8 a 18 hs.&nbsp;<\/strong><\/p>\n\n\n\n<p><strong><em>\u00bfSabes que es el Foro de Educadorxs Musicales de la E.S.M.N.?<\/em><\/strong><\/p>\n\n\n\n<p>Es un Espacio de Formaci\u00f3n e Intercambio que se viene realizando en<strong><em> nuestra escuela desde hace 21 a\u00f1o<\/em><\/strong>s casi de manera ininterrumpida.&nbsp;<\/p>\n\n\n\n<p>Es un lugar de encuentro de \u201cprofes de m\u00fasica\u201d y de <strong><em>capacitaci\u00f3n sobre la educaci\u00f3n musical<\/em><\/strong> que otorga puntaje y que se sostiene entre la Secretar\u00eda de Extensi\u00f3n y entre un grupo de docentes del nivel terciario que a\u00f1o a a\u00f1o ha ido rotando.<\/p>\n\n\n\n<p><strong>Formaci\u00f3n Gratuita desde la Escuela P\u00fablica.&nbsp;<\/strong><\/p>\n\n\n\n<p>El foro es una instancia de capacitaci\u00f3n gratuita y de reflexi\u00f3n sobre la pr\u00e1ctica docente que <strong><em>se brinda desde una instituci\u00f3n p\u00fablica<\/em><\/strong> como es la E.S.M.N.<\/p>\n\n\n\n<p><strong>Herramientas para el aula &#8211;&nbsp; Pensar nuestra pr\u00e1ctica<\/strong><\/p>\n\n\n\n<p>El Foro desde hace dos d\u00e9cadas propone instancias de talleres con diferentes propuestas y tem\u00e1ticas, muchas de las cuales, se fundamentan en <strong><em>el acontecer de las aulas y las clases de m\u00fasica de las escuelas y establecimientos p\u00fablicos<\/em><\/strong> de Neuqu\u00e9n. Establecimientos de los niveles formales en la que est\u00e1n insertos <em>profes<\/em> graduadxs y donde adem\u00e1s estudiantes de nuestra escuela hacen sus pr\u00e1cticas.&nbsp;<\/p>\n\n\n\n<p>Es as\u00ed que a lo largo de estos veinti\u00fan a\u00f1os se abordaron inquietudes del nivel inicial, primario y secundario y se brindaron propuestas innovadoras para el hacer musical compartidas en su mayor\u00eda por compa\u00f1eras y compa\u00f1eros del nivel terciario y tambi\u00e9n de otros niveles de la ESMN. A su vez, en algunas ediciones, contamos con la presencia de m\u00fasicxs, pedagogxs y artistas de otras regiones.<\/p>\n\n\n\n<p><strong>\u00bfQui\u00e9nes pueden asistir?<\/strong><\/p>\n\n\n\n<p>El foro es abierto y gratuito y se brinda para <strong><em>estudiantes y docentes de m\u00fasica hasta cubrir el cupo de <\/em><\/strong><strong>inscripci\u00f3n. <\/strong>Otorga puntaje docente. Resoluci\u00f3n en tr\u00e1mite.<\/p>\n\n\n\n<p>En los \u00faltimos a\u00f1os el inter\u00e9s de las diferentes propuestas se evidenci\u00f3 en la gran convocatoria con inscripciones de m\u00e1s de 200 participantes entre estudiantes y docentes.&nbsp;<\/p>\n\n\n\n<p><strong>Lxs esperamos el 15 y 16 de septiembre <\/strong>y nos despedimos con esta reflexi\u00f3n del destacado compositor, music\u00f3logo, docente y ensayista uruguayo Cori\u00fan Aharoni\u00e1n en relaci\u00f3n a la m\u00fasica que se toca y se ense\u00f1a:<\/p>\n\n\n\n<p><strong>\u201cTocar la m\u00fasica del territorio que se habita\u201d <\/strong>no es folclorismo ni turismo cultural. Es un acto \u00e9tico y pol\u00edtico. En Latinoam\u00e9rica llevamos 500 a\u00f1os tocando m\u00fasica europea como si fuera la \u201cm\u00fasica universal\u201d mientras ignoramos lo que suena en nuestra propia cuadra. Esto genera m\u00fasicos \u00b4<strong><em>des &#8211; ubicados<\/em><\/strong>\u00b4 t\u00e9cnicamente formados pero sin suelo. Es necesario conocer para transformar, no para copiar. Hay que habitar el sonido del territorio, conocerlo a fondo y desde all\u00ed crear. El territorio es la materia prima. Cada territorio tiene su ac\u00fastica, sus ritmos, sus silencios e instrumentos. No se trata de tocar folclore porque s\u00ed, sino de reconocer que habit\u00e1s un lugar con sonido, historia y sonido propio. La identidad no se decreta, se escucha.\u201d<\/p>\n\n\n\n<p><strong>Inscripciones:<\/strong> Jueves 10 y viernes 11 de Septiembre.<\/p>\n\n\n\n<p>Se publicar\u00e1 link de inscripci\u00f3n en las redes y medios de la escuela.&nbsp;&nbsp;<\/p>\n\n\n\n<p><strong>M\u00e1s informaci\u00f3n:&nbsp;<\/strong><\/p>\n\n\n\n<p><a rel=\"noreferrer noopener\" href=\"extension.esmn@gmail.com\" target=\"_blank\">extension.esmn@gmail.com<\/a><br>ig.prensaydifusionesmn<br>fb.prensaydifusionesmn<br><a href=\"https:\/\/esm-nqn.infd.edu.ar\/sitio\/\">https:\/\/esm-nqn.infd.edu.ar\/sitio\/<br><br><\/a><\/p>\n","protected":false},"excerpt":{"rendered":"<p>RARAKVN MAPU &#8211; TERRITORIOS SONOROS. \u00bfCu\u00e1l es el rol de la m\u00fasica y de la educaci\u00f3n musical en el fortalecimiento y reconocimiento de identidades y territorios sonoros?&nbsp; Pensamos el territorio no solo en el reconocimiento identitario e intercultural sino tambi\u00e9n pensar el aula, el barrio, la calle como territorios de nuestra identidad y esos territorios &#8230; <a title=\"Se viene el XXI Foro de Educadorxs Musicales de la E.S.M.N.\" class=\"read-more\" href=\"https:\/\/esm-nqn.infd.edu.ar\/sitio\/se-viene-el-xxi-foro-de-educadorxs-musicales-de-la-e-s-m-n\/\" aria-label=\"More on Se viene el XXI Foro de Educadorxs Musicales de la E.S.M.N.\">[+]<\/a><\/p>\n","protected":false},"author":1956,"featured_media":0,"comment_status":"closed","ping_status":"closed","sticky":false,"template":"","format":"standard","meta":[],"categories":[17],"tags":[],"acf":[],"_links":{"self":[{"href":"https:\/\/esm-nqn.infd.edu.ar\/sitio\/wp-json\/wp\/v2\/posts\/6766"}],"collection":[{"href":"https:\/\/esm-nqn.infd.edu.ar\/sitio\/wp-json\/wp\/v2\/posts"}],"about":[{"href":"https:\/\/esm-nqn.infd.edu.ar\/sitio\/wp-json\/wp\/v2\/types\/post"}],"author":[{"embeddable":true,"href":"https:\/\/esm-nqn.infd.edu.ar\/sitio\/wp-json\/wp\/v2\/users\/1956"}],"replies":[{"embeddable":true,"href":"https:\/\/esm-nqn.infd.edu.ar\/sitio\/wp-json\/wp\/v2\/comments?post=6766"}],"version-history":[{"count":1,"href":"https:\/\/esm-nqn.infd.edu.ar\/sitio\/wp-json\/wp\/v2\/posts\/6766\/revisions"}],"predecessor-version":[{"id":6768,"href":"https:\/\/esm-nqn.infd.edu.ar\/sitio\/wp-json\/wp\/v2\/posts\/6766\/revisions\/6768"}],"wp:attachment":[{"href":"https:\/\/esm-nqn.infd.edu.ar\/sitio\/wp-json\/wp\/v2\/media?parent=6766"}],"wp:term":[{"taxonomy":"category","embeddable":true,"href":"https:\/\/esm-nqn.infd.edu.ar\/sitio\/wp-json\/wp\/v2\/categories?post=6766"},{"taxonomy":"post_tag","embeddable":true,"href":"https:\/\/esm-nqn.infd.edu.ar\/sitio\/wp-json\/wp\/v2\/tags?post=6766"}],"curies":[{"name":"wp","href":"https:\/\/api.w.org\/{rel}","templated":true}]}}